[{"@context":"https:\/\/schema.org\/","@type":"Article","@id":"https:\/\/www.fineli.cz\/bily-tramin-cerveny\/#Article","mainEntityOfPage":"https:\/\/www.fineli.cz\/bily-tramin-cerveny\/","headline":"B\u00edl\u00fd tram\u00edn \u010derven\u00fd","name":"B\u00edl\u00fd tram\u00edn \u010derven\u00fd","description":"V\u00edno, jako\u017eto alkoholick\u00fd n\u00e1poj, prov\u00e1z\u00ed lidstvo d\u011bjinami u\u017e opravdu podivuhodn\u011b dlouhou dobu. Jeho obliba nekles\u00e1, naopak je snad st\u00e1le obl\u00edben\u011bj\u0161\u00ed. Jedn\u00e1 se jedine\u010dn\u00fd n\u00e1poj, kter\u00fd","datePublished":"2021-07-17","dateModified":"2023-05-19","author":{"@type":"Person","@id":"https:\/\/www.fineli.cz\/author\/devene\/#Person","name":"devene","url":"https:\/\/www.fineli.cz\/author\/devene\/","identifier":1,"image":{"@type":"ImageObject","@id":"https:\/\/secure.gravatar.com\/avatar\/6808215d501bdbb001ef3734be3cdad1be23596de78c590ed2ac5868fce74c95?s=96&d=mm&r=g","url":"https:\/\/secure.gravatar.com\/avatar\/6808215d501bdbb001ef3734be3cdad1be23596de78c590ed2ac5868fce74c95?s=96&d=mm&r=g","height":96,"width":96}},"publisher":{"@type":"Organization","name":"fineli.cz","logo":{"@type":"ImageObject","@id":"\/logo.png","url":"\/logo.png","width":600,"height":60}},"image":{"@type":"ImageObject","@id":"https:\/\/www.fineli.cz\/wp-content\/uploads\/Sklenice%20v%C3%ADna.jpg","url":"https:\/\/www.fineli.cz\/wp-content\/uploads\/Sklenice%20v%C3%ADna.jpg","height":0,"width":0},"url":"https:\/\/www.fineli.cz\/bily-tramin-cerveny\/","about":["Nakupov\u00e1n\u00ed"],"wordCount":472,"articleBody":"   V\u00edno, jako\u017eto alkoholick\u00fd n\u00e1poj, prov\u00e1z\u00ed lidstvo d\u011bjinami u\u017e opravdu podivuhodn\u011b dlouhou dobu. Jeho obliba nekles\u00e1, naopak je snad st\u00e1le obl\u00edben\u011bj\u0161\u00ed. Jedn\u00e1 se jedine\u010dn\u00fd n\u00e1poj, kter\u00fd m\u00e1 nav\u00edc celou \u0159adu v\u011bdecky potvrzen\u00fdch pozitivn\u00edch \u00fa\u010dink\u016f na na\u0161e lidsk\u00e9 zdrav\u00ed. V\u00edno si tak zaslou\u017e\u00ed nejen milovat, ale tak\u00e9 o n\u011bm alespo\u0148 n\u011bco m\u00e1lo v\u011bd\u011bt. Dnes se proto spole\u010dn\u011b pod\u00edv\u00e1me na b\u00edl\u00e9 a velice lahodn\u00e9 lehk\u00e9 v\u00edno, kter\u00fdm je tram\u00edn \u010derven\u00fd .Na za\u010d\u00e1tek si pov\u00edme n\u011bco m\u00e1lo k historii t\u00e9to odr\u016fdy. M\u00e1lokdo v\u00ed, \u017ee se jedn\u00e1 o jednu z nejstar\u0161\u00edch a tak\u00e9 nejobl\u00edben\u011bj\u0161\u00edch odr\u016fd. Vzhledem ke st\u00e1\u0159\u00ed nen\u00ed zn\u00e1m ani p\u016fvod odr\u016fdy. M\u016f\u017eeme se tak pouze domn\u00edvat, \u017ee se mohlo jednat o oblast ji\u017en\u00ed Tyroly, konkr\u00e9tn\u011b tedy o stejnojmennou oblast Tram\u00edn. Cesty ov\u0161em mohou tak\u00e9 v\u00e9st do Rakouska, \u0158ecka anebo t\u0159eba do Ma\u010farska. Dnes se s jeho p\u011bstov\u00e1n\u00edm setk\u00e1v\u00e1me v nejv\u011bt\u0161\u00ed m\u00ed\u0159e ve francouzsk\u00e9m Alsasku, It\u00e1lii, Rakousku, N\u011bmecku, ov\u0161em rozhodn\u011b se nem\u00e1me za co styd\u011bt ani u n\u00e1s v \u010cesk\u00e9 republice, kde se chlub\u00edme velice chutn\u00fdmi a kvalitn\u00edmi produkty z t\u00e9to \u0159ady. Na p\u011bstov\u00e1n\u00ed a v\u00fdrobu se nejedn\u00e1 zrovna o nejjednodu\u0161\u0161\u00ed druh, co\u017e napov\u00edd\u00e1 i jedna z jeho p\u0159ezd\u00edvek, kter\u00e1 zn\u00ed po\u017e\u00edra\u010d s\u00edry. V\u00edno se toti\u017e py\u0161n\u00ed men\u0161\u00ed kyselost\u00ed a vy\u0161\u0161\u00ed p\u0159\u00edtomnost\u00ed cukr\u016f, tak\u017ee je pot\u0159eba v\u011bt\u0161\u00edho mno\u017estv\u00ed s\u00edry, kter\u00e1 se postar\u00e1 o to, \u017ee v\u00edno vydr\u017e\u00ed del\u0161\u00ed dobu sv\u011b\u017e\u00ed a lehk\u00e9.Jak u\u017e bylo zm\u00edn\u011bno, jedn\u00e1 se o v\u00edno b\u00edl\u00e9, i kdy\u017e n\u00e1zev m\u016f\u017ee b\u00fdt \u010dasto velice zav\u00e1d\u011bj\u00edc\u00ed. Barva je kr\u00e1sn\u011b medov\u011b \u017elut\u00e1. Chu\u0165 je slad\u0161\u00ed, ov\u0161em m\u016f\u017eeme zde narazit na stopy ko\u0159en\u011bn\u00e9 v\u016fn\u011b. C\u00edtit m\u016f\u017eete tak\u00e9 med, rozinky, sko\u0159ici, pomeran\u010d anebo t\u0159eba \u010dajovou r\u016f\u017ei.Budete-li cht\u00edt uk\u00e1zat sv\u00e9 hostitelsk\u00e9 schopnosti p\u0159ed sv\u00fdmi p\u0159\u00e1teli, dovolte, abychom v\u00e1m dali p\u00e1r tip\u016f, kter\u00e9 se t\u00fdkaj\u00ed stolov\u00e1n\u00ed. Nejlep\u0161\u00ed je pod\u00e1v\u00e1n\u00ed k p\u0159edkrm\u016fm, jako je nap\u0159\u00edklad pa\u0161tika s ope\u010denou bagetkou a brusinkami, kde skv\u011ble podpo\u0159\u00ed p\u0159\u00edjemn\u00e9 aroma pa\u0161tiky. Skv\u011ble chutn\u00e1 tak\u00e9 v kombinaci s j\u00eddly, kter\u00e9 obsahuj\u00ed s\u00fdry. Velice zaj\u00edmav\u00e9 tak\u00e9 je, \u017ee se jeho konzumace doporu\u010duje k j\u00eddl\u016fm asijsk\u00fdm, kter\u00e9 vynikaj\u00ed svou netradi\u010dn\u00ed, exotickou a ko\u0159en\u011bnou chut\u00ed.                                                                                                                                                                                                                                                                                                                                                                                         3.7\/5 - (3 votes)        "},{"@context":"https:\/\/schema.org\/","@type":"BreadcrumbList","itemListElement":[{"@type":"ListItem","position":1,"name":"B\u00edl\u00fd tram\u00edn \u010derven\u00fd","item":"https:\/\/www.fineli.cz\/bily-tramin-cerveny\/#breadcrumbitem"}]}]