[{"@context":"https:\/\/schema.org\/","@type":"Article","@id":"https:\/\/www.fineli.cz\/budoucnost-nasi-mobility-je-v-elektromobilech\/#Article","mainEntityOfPage":"https:\/\/www.fineli.cz\/budoucnost-nasi-mobility-je-v-elektromobilech\/","headline":"Budoucnost na\u0161\u00ed mobility je v elektromobilech","name":"Budoucnost na\u0161\u00ed mobility je v elektromobilech","description":"Budoucnost na\u0161\u00ed mobility je v\u00a0elektromobilech Je skute\u010dn\u011b elektromobilita do roku 2035 t\u00edm nejlep\u0161\u00edm \u0159e\u0161en\u00ed bezemisn\u00ed dopravy?\u00a0 Nebo je\u00a0 jen zbrkl\u00fdm rozhodnut\u00edm \u00a0od stolu, kter\u00e9 se","datePublished":"2021-09-06","dateModified":"2023-05-19","author":{"@type":"Person","@id":"https:\/\/www.fineli.cz\/author\/devene\/#Person","name":"devene","url":"https:\/\/www.fineli.cz\/author\/devene\/","identifier":1,"image":{"@type":"ImageObject","@id":"https:\/\/secure.gravatar.com\/avatar\/6808215d501bdbb001ef3734be3cdad1be23596de78c590ed2ac5868fce74c95?s=96&d=mm&r=g","url":"https:\/\/secure.gravatar.com\/avatar\/6808215d501bdbb001ef3734be3cdad1be23596de78c590ed2ac5868fce74c95?s=96&d=mm&r=g","height":96,"width":96}},"publisher":{"@type":"Organization","name":"fineli.cz","logo":{"@type":"ImageObject","@id":"\/logo.png","url":"\/logo.png","width":600,"height":60}},"image":{"@type":"ImageObject","@id":"https:\/\/www.fineli.cz\/wp-content\/uploads\/z%C3%A1suvka%20elektromobil.jpg.jpg","url":"https:\/\/www.fineli.cz\/wp-content\/uploads\/z%C3%A1suvka%20elektromobil.jpg.jpg","height":0,"width":0},"url":"https:\/\/www.fineli.cz\/budoucnost-nasi-mobility-je-v-elektromobilech\/","about":["Auto moto"],"wordCount":549,"articleBody":"Budoucnost na\u0161\u00ed mobility je v\u00a0elektromobilechJe skute\u010dn\u011b elektromobilita do roku 2035 t\u00edm nejlep\u0161\u00edm \u0159e\u0161en\u00ed bezemisn\u00ed dopravy?\u00a0 Nebo je\u00a0 jen zbrkl\u00fdm rozhodnut\u00edm \u00a0od stolu, kter\u00e9 se uk\u00e1\u017ee b\u00fdt slepou uli\u010dkou?\u00a0\u00a0 Odpov\u011b\u010f na ot\u00e1zku, zda s\u00e1zka na jednu kartu v\u00a0podob\u011b elektromobility p\u0159i \u0159e\u0161en\u00ed bezemisn\u00ed dopravy je spr\u00e1vn\u00e1, uk\u00e1\u017ee a\u017e budoucnost. Evropsk\u00e1 komise m\u00e1 v\u00a0pl\u00e1nu navrhnout z\u00e1kaz spalovac\u00edch motor\u016f v\u00a0EU do roku 2035. Bude zaj\u00edmav\u00e9 sledovat, zda jen o trochu v\u00edce ne\u017e je jedna dek\u00e1da (za \u010dtrn\u00e1ct let toti\u017e mus\u00ed b\u00fdt v\u0161e p\u0159ipraven\u00e9), bude sta\u010dit k\u00a0tomu, aby se odstranily v\u0161echny probl\u00e9my, kter\u00e9 se zm\u011bnou mobility souvis\u00ed.\u00a0\u00a0\u00a0\u00a0\u00a0\u00a0\u00a0\u00a0\u00a0 Jen nam\u00e1tkou lze zm\u00ednit p\u00e1r ot\u00e1zek k\u00a0\u0159e\u0161en\u00ed, kter\u00e9 elektromobily nab\u00edz\u00ed. V\u00a0elektromobilit\u011b je nejd\u00e1l Norsko, kde d\u00edky masivn\u00ed st\u00e1tn\u00ed podpo\u0159e a vysok\u00e9mu zdan\u011bn\u00ed spalovac\u00edch motor\u016f jezd\u00ed p\u0159ibli\u017en\u011b 30% v\u0161ech voz\u016f na elekt\u0159inu a \u010d\u00edsla d\u00e1le stoupaj\u00ed. Zdaleka ne ka\u017ed\u00fd nor bydl\u00ed v\u00a0rodinn\u00e9m domku a tak nem\u016f\u017ee v\u016fz nab\u00edjet na pozemku sv\u00e9ho domu. V\u00a0ulic\u00edch p\u0159ed \u010din\u017eovn\u00edmi domy vis\u00ed z\u00a0oken byt\u016f elektrick\u00e9 kabely pro nap\u00e1jen\u00ed aut. Norsko jako jedna z\u00a0nejbohat\u0161\u00edch zem\u00ed v\u00a0EU nestih\u00e1 stav\u011bt dostatek dob\u00edjec\u00edch stanic. Pro vzr\u016fstaj\u00edc\u00ed pot\u0159ebu motorist\u016f \u00a0je v\u00a0elektromobilit\u011b premiant. Vzr\u016fstaj\u00edc\u00ed popt\u00e1vka po elekt\u0159in\u011b sebou p\u0159inese r\u016fst cen elekt\u0159iny a podstatn\u011b vy\u0161\u0161\u00ed riziko v\u00fdpadku dod\u00e1vek a p\u0159et\u011b\u017eov\u00e1n\u00ed s\u00edt\u00ed. \u00a0\u00a0\u00a0\u00a0\u00a0\u00a0 V\u00a0\u010cR je registrov\u00e1no p\u0159ibli\u017en\u011b 6\u00a0000\u00a0000 osobn\u00edch aut. Jakmile by \u010dist\u011b hypoteticky, v\u0161echny tyto vozy jezdily na baterie p\u0159i pr\u016fm\u011brn\u00e9m ro\u010dn\u00edm n\u00e1jezdu 13000 km, jednalo by se o ro\u010dn\u00ed spot\u0159ebu kolem 16 TWh elekt\u0159iny. Tedy o dvojn\u00e1sobek sou\u010dasn\u00e9ho maloodb\u011bru obyvatel. To by p\u0159edstavovalo probl\u00e9m nejen s\u00a0dostatkem v\u00fdroby elekt\u0159iny, ale p\u0159edn\u011b pot\u00ed\u017ee s\u00a0p\u0159enosovou kapacitou elektrick\u00e9 s\u00edt\u011b. P\u0159i elektromobilit\u011b dost\u00e1vaj\u00ed obavy z\u00a0blackoutu zcela jin\u00fd rozm\u011br.\u00a0\u00a0\u00a0\u00a0\u00a0Na \u0159e\u0161en\u00ed t\u011bchto a dal\u0161\u00edch probl\u00e9mu si EU ur\u010dila pom\u011brn\u011b kr\u00e1tk\u00fd \u010das a je ot\u00e1zkou, zda je re\u00e1ln\u00e9 ho splnit. P\u0159itom emisn\u00ed \u010distota elektroaut je v\u00a0optimistick\u00e9m odhadu jen asi t\u0159i a p\u016fl kr\u00e1t \u010dist\u0161\u00ed ne\u017e modern\u00ed spalovac\u00ed automobily, proto\u017ee ty rozhodn\u011b nejsou bezemisn\u00ed. P\u0159itom auto na tradi\u010dn\u00ed pohon m\u016f\u017ee slou\u017eit sv\u00e9mu \u00fa\u010delu p\u0159i vhodn\u00e9 \u00fadr\u017eb\u011b minim\u00e1ln\u011b dvojn\u00e1sobn\u011b d\u00e9le ne\u017e elektromobil, kter\u00fd se ji\u017e po p\u011bti a\u017e osmi letech prakticky zm\u011bn\u00ed v\u00a0nepou\u017eiteln\u00fd \u0161rot. Jeho \u017eivotnost a prodejnost jako zbo\u017e\u00ed z\u00a0druh\u00e9 ruky je limitovan\u00e1 \u017eivotnost\u00ed baterie. Auto na spalovac\u00ed motor p\u0159i stejn\u00e9m st\u00e1\u0159\u00ed m\u00e1 p\u0159ed sebou je\u0161t\u011b dlouh\u00e9 roky slu\u017eby. Pokud se vezme v\u00a0potaz v\u00fdroba a \u017eivotnost elektroaut a mix energie i p\u0159\u00edprava infrastruktury, tak je ot\u00e1zkou, o kolik je tento prosazovan\u00fd typ aut ekologicky v\u00fdhodn\u011bj\u0161\u00ed, ne\u017e jsou nejmodern\u011bj\u0161\u00ed automobily na spalovac\u00ed pohon.                                                                                                                                                                                                                                                                                                                                                                                        4.7\/5 - (3 votes)        "},{"@context":"https:\/\/schema.org\/","@type":"BreadcrumbList","itemListElement":[{"@type":"ListItem","position":1,"name":"Budoucnost na\u0161\u00ed mobility je v elektromobilech","item":"https:\/\/www.fineli.cz\/budoucnost-nasi-mobility-je-v-elektromobilech\/#breadcrumbitem"}]}]