[{"@context":"https:\/\/schema.org\/","@type":"Article","@id":"https:\/\/www.fineli.cz\/daji-se-rozdelit-horizontalne-i-vertikalne\/#Article","mainEntityOfPage":"https:\/\/www.fineli.cz\/daji-se-rozdelit-horizontalne-i-vertikalne\/","headline":"Daj\u00ed se rozd\u011blit horizont\u00e1ln\u011b i vertik\u00e1ln\u011b","name":"Daj\u00ed se rozd\u011blit horizont\u00e1ln\u011b i vertik\u00e1ln\u011b","description":"Vid\u011bli jste ji\u017e alespo\u0148 n\u011bjak\u00e9 z na\u0161ich vestav\u011bn\u00fdch sk\u0159\u00edn\u00ed Praha? Pokud je\u0161t\u011b nikoliv, zastavte se u n\u00e1s. R\u00e1di v\u00e1m je p\u0159edstav\u00edme. M\u016f\u017eete je dostat i","datePublished":"2025-04-29","dateModified":"2025-04-29","author":{"@type":"Person","@id":"https:\/\/www.fineli.cz\/author\/devene\/#Person","name":"devene","url":"https:\/\/www.fineli.cz\/author\/devene\/","identifier":1,"image":{"@type":"ImageObject","@id":"https:\/\/secure.gravatar.com\/avatar\/6808215d501bdbb001ef3734be3cdad1be23596de78c590ed2ac5868fce74c95?s=96&d=mm&r=g","url":"https:\/\/secure.gravatar.com\/avatar\/6808215d501bdbb001ef3734be3cdad1be23596de78c590ed2ac5868fce74c95?s=96&d=mm&r=g","height":96,"width":96}},"publisher":{"@type":"Organization","name":"fineli.cz","logo":{"@type":"ImageObject","@id":"\/logo.png","url":"\/logo.png","width":600,"height":60}},"url":"https:\/\/www.fineli.cz\/daji-se-rozdelit-horizontalne-i-vertikalne\/","wordCount":162,"articleBody":"Vid\u011bli jste ji\u017e alespo\u0148 n\u011bjak\u00e9 z na\u0161ich vestav\u011bn\u00fdch sk\u0159\u00edn\u00ed Praha? Pokud je\u0161t\u011b nikoliv, zastavte se u n\u00e1s. R\u00e1di v\u00e1m je p\u0159edstav\u00edme. M\u016f\u017eete je dostat i vy. Sta\u010d\u00ed, kdy\u017e si jejich v\u00fdrobu u n\u00e1s objedn\u00e1te. Jsme p\u0159ipraveni se hned pustit do pr\u00e1ce. Nebudete si kupovat nic nezn\u00e1m\u00e9ho. Po zm\u011b\u0159en\u00ed v\u00e1m cel\u00fd projekt p\u0159edstav\u00edme, a to formou vizualizace. Va\u0161e p\u016fdn\u00ed prostory s na\u0161im vybaven\u00edm Oslovte n\u00e1s, kdy\u017e budete hledat mo\u017enost zhotoven\u00ed vestav\u011bn\u00fdch sk\u0159\u00edn\u00ed Praha. P\u0159esn\u011b takovou \u010dinnost\u00ed se toti\u017e zab\u00fdv\u00e1me. M\u00e1me \u0161pi\u010dkov\u00e9 \u0159emesln\u00edky, kte\u0159\u00ed to zvl\u00e1dnou i ve va\u0161em p\u0159\u00edpad\u011b. Nav\u0161tivte n\u00e1s a ur\u010dit\u011b se na dal\u0161\u00edm postupu dohodneme. M\u00e1me k dispozici v\u00fdborn\u00e9 materi\u00e1ly, ale i skv\u011ble vybavenou d\u00edlnu, kde nechyb\u00ed modern\u00ed technika.                                                                                                                                                                                                                                                                                                                                                                                                "},{"@context":"https:\/\/schema.org\/","@type":"BreadcrumbList","itemListElement":[{"@type":"ListItem","position":1,"name":"Daj\u00ed se rozd\u011blit horizont\u00e1ln\u011b i vertik\u00e1ln\u011b","item":"https:\/\/www.fineli.cz\/daji-se-rozdelit-horizontalne-i-vertikalne\/#breadcrumbitem"}]}]