[{"@context":"https:\/\/schema.org\/","@type":"Article","@id":"https:\/\/www.fineli.cz\/jde-se-vzdelavat-a-zaroven-pracovat\/#Article","mainEntityOfPage":"https:\/\/www.fineli.cz\/jde-se-vzdelavat-a-zaroven-pracovat\/","headline":"Jde se vzd\u011bl\u00e1vat a z\u00e1rove\u0148 pracovat?","name":"Jde se vzd\u011bl\u00e1vat a z\u00e1rove\u0148 pracovat?","description":"Po st\u0159edn\u00ed \u0161kole nebo u\u017e p\u0159i st\u0159edn\u00ed \u0161kole si spoustu student\u016f p\u0159ivyd\u011bl\u00e1v\u00e1 formou brig\u00e1dy. Ne\u017e dokon\u010d\u00ed \u0161kolu, tak u\u017e p\u0159em\u00fd\u0161l\u00ed, zda si budou vyd\u011bl\u00e1vat formou","datePublished":"2019-02-22","dateModified":"2023-05-19","author":{"@type":"Person","@id":"https:\/\/www.fineli.cz\/author\/devene\/#Person","name":"devene","url":"https:\/\/www.fineli.cz\/author\/devene\/","identifier":1,"image":{"@type":"ImageObject","@id":"https:\/\/secure.gravatar.com\/avatar\/6808215d501bdbb001ef3734be3cdad1be23596de78c590ed2ac5868fce74c95?s=96&d=mm&r=g","url":"https:\/\/secure.gravatar.com\/avatar\/6808215d501bdbb001ef3734be3cdad1be23596de78c590ed2ac5868fce74c95?s=96&d=mm&r=g","height":96,"width":96}},"publisher":{"@type":"Organization","name":"fineli.cz","logo":{"@type":"ImageObject","@id":"\/logo.png","url":"\/logo.png","width":600,"height":60}},"image":{"@type":"ImageObject","@id":"https:\/\/www.fineli.cz\/wp-content\/uploads\/img_a342641_w1937_t1555924558.jpg","url":"https:\/\/www.fineli.cz\/wp-content\/uploads\/img_a342641_w1937_t1555924558.jpg","height":0,"width":0},"url":"https:\/\/www.fineli.cz\/jde-se-vzdelavat-a-zaroven-pracovat\/","wordCount":443,"articleBody":"Po st\u0159edn\u00ed \u0161kole nebo u\u017e p\u0159i st\u0159edn\u00ed \u0161kole si spoustu student\u016f p\u0159ivyd\u011bl\u00e1v\u00e1 formou brig\u00e1dy. Ne\u017e dokon\u010d\u00ed \u0161kolu, tak u\u017e p\u0159em\u00fd\u0161l\u00ed, zda si budou vyd\u011bl\u00e1vat formou pr\u00e1ce a nep\u016fjdou na vysokou \u0161kolu. Je v\u0161ak \u0161koda, nevyu\u017e\u00edt t\u00e9 mo\u017enosti, kterou n\u00e1m syst\u00e9m v\u00a0tomto st\u00e1t\u011b nab\u00edz\u00ed. M\u016f\u017eeme toti\u017e studovat a p\u0159i studiu si vyd\u011bl\u00e1vat. Existuje forma studia prezen\u010dn\u00ed a kombinovan\u00e1. Kombinovan\u00e9 studium by tedy m\u011blo b\u00fdt skv\u011blou mo\u017enost\u00ed pro ty, kte\u0159\u00ed cht\u011bj\u00ed m\u00edt pen\u00edze a budovat si praxi a z\u00e1rove\u0148 se u\u010dit a vzd\u011bl\u00e1vat se.\t\tCo kombinovan\u00e9 studium obn\u00e1\u0161\u00ed?\tTato forma studia je vhodn\u00e1 pro lidi, kte\u0159\u00ed jsou schopn\u00ed chodit na pln\u00fd \u00favazek do zam\u011bstn\u00e1n\u00ed a v\u00edkendy m\u00edt zabran\u00e9 \u0161kolou. V\u00fduka nen\u00ed ka\u017ed\u00fd v\u00edkend, ale pouze ob\u010das. Nemus\u00edte se tedy b\u00e1t, \u017ee byste byli ka\u017ed\u00fd v\u00edkend v\u00a0pr\u00e1ci a nikdy nem\u011bli volno. O v\u00edkendy prob\u00edhaj\u00ed p\u0159edn\u00e1\u0161ky a cvi\u010den\u00ed, kter\u00e9 toti\u017e nest\u00edh\u00e1te v\u00a0t\u00fddnu. V\u00a0t\u00fddnu chod\u00ed \u0161koly ti, kte\u0159\u00ed p\u0159istoupili na prezen\u010dn\u00ed studium.\t\u00a0\tPrezen\u010dn\u00ed studium\tJestli\u017ee nechcete m\u00edt pln\u00fd \u00favazek v\u00a0n\u011bjak\u00e9 pr\u00e1ci, tak si m\u016f\u017eete naj\u00edt pouze brig\u00e1dy nebo \u010d\u00e1ste\u010dn\u00fd \u00favazek a do toho chodit na prezen\u010dn\u00ed studium na vysokou. To obn\u00e1\u0161\u00ed p\u0159edn\u00e1\u0161ky a cvi\u010den\u00ed, kter\u00e9 se konaj\u00ed v\u00a0t\u00fddnu. Tato forma je uzp\u016fsoben\u00e1 pro ty lidi, kte\u0159\u00ed maj\u00ed v\u00a0t\u00fddnu \u010das a odpoledne chod\u00ed je\u0161t\u011b na \u010d\u00e1ste\u010dnou pr\u00e1ci do n\u011bjak\u00e9ho zam\u011bstn\u00e1n\u00ed. V\u00edkendy tedy jsou voln\u00e9. Je v\u0161ak na ka\u017ed\u00e9m, kde si najde pr\u00e1ci, do kter\u00e9 bude doch\u00e1zet. Pokud toti\u017e budete cht\u00edt, m\u016f\u017eete vyu\u017e\u00edt k\u00a0vyd\u011bl\u00e1v\u00e1n\u00ed i v\u00edkendy.\t\tP\u0159i obou form\u00e1ch studia je dobr\u00e9 m\u00edt na mysli to, \u017ee st\u00e1le mus\u00edte studovat a u\u010dit se nov\u00fdm v\u011bcem. Je tedy dobr\u00e9 m\u00edt zam\u011bstn\u00e1n\u00ed takov\u00e9, kter\u00e9 v\u00e1m dovoluje se v\u00a0n\u011bm soust\u0159edit nebo se u\u010dit. Skv\u011bl\u00fdm takov\u00fdm m\u00edstem je nap\u0159\u00edklad recep\u010dn\u00ed, kter\u00e1 m\u00e1 chvilky i na to, aby se pod\u00edvala do u\u010debnic a skript na informace, kter\u00e9 se pot\u0159ebuje nau\u010dit.\tNemus\u00edte tedy nutn\u011b odkl\u00e1dat studium nebo pr\u00e1ci. M\u016f\u017eete vyu\u017e\u00edt toho, \u017ee m\u00e1te mo\u017enost oboj\u00edho.                                                                                                                                                                                                                                                                                                                                                                                        4.4\/5 - (7 votes)        "},{"@context":"https:\/\/schema.org\/","@type":"BreadcrumbList","itemListElement":[{"@type":"ListItem","position":1,"name":"Jde se vzd\u011bl\u00e1vat a z\u00e1rove\u0148 pracovat?","item":"https:\/\/www.fineli.cz\/jde-se-vzdelavat-a-zaroven-pracovat\/#breadcrumbitem"}]}]