[{"@context":"https:\/\/schema.org\/","@type":"Article","@id":"https:\/\/www.fineli.cz\/kdy-je-vhodne-pouzit-kamenny-obklad\/#Article","mainEntityOfPage":"https:\/\/www.fineli.cz\/kdy-je-vhodne-pouzit-kamenny-obklad\/","headline":"Kdy je vhodn\u00e9 pou\u017e\u00edt kamenn\u00fd obklad","name":"Kdy je vhodn\u00e9 pou\u017e\u00edt kamenn\u00fd obklad","description":"Ka\u017ed\u00fd z n\u00e1s chce, aby jeho obydl\u00ed vypadalo co nejl\u00e9pe, a to jak zevnit\u0159, tak zven\u010d\u00ed. A je to jen pochopiteln\u00e9, koneckonc\u016f m\u00e1 j\u00edt o","datePublished":"2021-07-07","dateModified":"2023-05-19","author":{"@type":"Person","@id":"https:\/\/www.fineli.cz\/author\/devene\/#Person","name":"devene","url":"https:\/\/www.fineli.cz\/author\/devene\/","identifier":1,"image":{"@type":"ImageObject","@id":"https:\/\/secure.gravatar.com\/avatar\/6808215d501bdbb001ef3734be3cdad1be23596de78c590ed2ac5868fce74c95?s=96&d=mm&r=g","url":"https:\/\/secure.gravatar.com\/avatar\/6808215d501bdbb001ef3734be3cdad1be23596de78c590ed2ac5868fce74c95?s=96&d=mm&r=g","height":96,"width":96}},"publisher":{"@type":"Organization","name":"fineli.cz","logo":{"@type":"ImageObject","@id":"\/logo.png","url":"\/logo.png","width":600,"height":60}},"image":{"@type":"ImageObject","@id":"https:\/\/www.fineli.cz\/wp-content\/uploads\/obkladkamen1_9.jpg","url":"https:\/\/www.fineli.cz\/wp-content\/uploads\/obkladkamen1_9.jpg","height":0,"width":0},"url":"https:\/\/www.fineli.cz\/kdy-je-vhodne-pouzit-kamenny-obklad\/","about":["Nakupov\u00e1n\u00ed"],"wordCount":428,"articleBody":"Ka\u017ed\u00fd z n\u00e1s chce, aby jeho obydl\u00ed vypadalo co nejl\u00e9pe, a to jak zevnit\u0159, tak zven\u010d\u00ed. A je to jen pochopiteln\u00e9, koneckonc\u016f m\u00e1 j\u00edt o m\u00edsto, kde se budeme c\u00edtit dob\u0159e, kde si m\u016f\u017eeme odpo\u010dinout a nabrat s\u00edly na dal\u0161\u00ed n\u00e1ro\u010dn\u00fd pracovn\u00ed den. A k tomu je pot\u0159eba, aby se n\u00e1m tam l\u00edbilo.K tomu, abychom n\u00e1\u0161 p\u0159\u00edbytek zvelebili, n\u00e1m slou\u017e\u00ed nejr\u016fzn\u011bj\u0161\u00ed dekorace. Ty mohou m\u00edt nejrozmanit\u011bj\u0161\u00ed podobu, av\u0161ak tou, kter\u00e1 je pom\u011brn\u011b \u010dasto pou\u017e\u00edvan\u00e1, bez ohledu na vkus majitele, je kamenn\u00fd obklad Stone expert.Ten m\u016f\u017ee b\u00fdt i uvnit\u0159 domu, a\u010dkoliv jej mnohem \u010dast\u011bji najdeme na spodn\u00ed \u010d\u00e1sti fas\u00e1dy. Zde samoz\u0159ejm\u011b nem\u00e1 funkci pouze dekorativn\u00ed, a\u010dkoliv nen\u00ed pochyb o tom, \u017ee v naprost\u00e9 v\u011bt\u0161in\u011b p\u0159\u00edpad\u016f vzhled zna\u010dn\u011b vylep\u0161uje.Jeho \u00fakolem je zpevnit fas\u00e1du, neust\u00e1le nam\u00e1hanou drobn\u00fdmi ot\u0159esy, zp\u016fsoben\u00fdmi proj\u00ed\u017ed\u011bj\u00edc\u00edmi automobily, a zabr\u00e1nit tak jej\u00edmu prask\u00e1n\u00ed. Tak\u00e9 usnad\u0148uj\u00ed \u00fadr\u017ebu, nebo\u0165 pr\u00e1v\u011b v t\u00e9to nejni\u017e\u0161\u00ed \u010d\u00e1sti najdeme nejv\u00edce ne\u010distot, a\u0165 u\u017e se jedn\u00e1 o pr\u00e1ci vandal\u016f \u010di o \u0161p\u00ednu z v\u00fdfukov\u00fdch plyn\u016f automobil\u016f.Zd\u00e1lo by se tedy, \u017ee se tyto obklady hod\u00ed v\u0161ude. P\u0159esto je, a\u010dkoliv jsou nesporn\u011b popul\u00e1rn\u00ed, na n\u011bkter\u00fdch domech nenajdeme. A k tomu samoz\u0159ejm\u011b existuj\u00ed d\u016fvody.T\u00edm prvn\u00edm je, \u017ee se majiteli zkr\u00e1tka a dob\u0159e nel\u00edb\u00ed. Koneckonc\u016f, ka\u017ed\u00fd m\u00e1 jin\u00fd vkus, a pokud se jedn\u00e1 o domek nap\u0159\u00edklad na vesnici \u010di n\u011bkde na samot\u011b, kde nen\u00ed prakticky \u017e\u00e1dn\u00fd provoz a kde nen\u00ed mnoho lid\u00ed, pak nen\u00ed pot\u0159eba fas\u00e1du domu zvl\u00e1\u0161tn\u00edm zp\u016fsobem chr\u00e1nit.Je pravdou, \u017ee se tento typ dekorace nehod\u00ed ke ka\u017ed\u00e9mu typu domu. Nap\u0159\u00edklad modern\u00ed v\u00fd\u0161kov\u00e9 budovy, pln\u00e9 skla a chromu, by s kamenn\u00fdmi obklady nevypadaly zrovna nejl\u00e9pe. Nav\u00edc jsou staveny tak, \u017ee na rozd\u00edl od klasick\u00fdch cihlov\u00fdch budov se nen\u00ed nutn\u00e9 ob\u00e1vat po\u0161kozen\u00ed \u010di zne\u010di\u0161t\u011bn\u00ed.Z\u00e1v\u011brem lze tedy \u0159\u00edci, \u017ee ne\u017e se pro jakoukoliv dekoraci rozhodneme, je dobr\u00e9 si \u0159\u00e1dn\u011b promyslet, zda je skute\u010dn\u011b vhodn\u00e1. K jak\u00e9mu \u00fa\u010delu bude p\u0159esn\u011b slou\u017eit? Jak\u00fd dojem s n\u00ed chceme vyvolat? Jen tak vybereme takovou, kter\u00e1 bude na dan\u00e9 m\u00edsto skute\u010dn\u011b vhodn\u00e1.                                                                                                                                                                                                                                                                                                                                                                                                 "},{"@context":"https:\/\/schema.org\/","@type":"BreadcrumbList","itemListElement":[{"@type":"ListItem","position":1,"name":"Kdy je vhodn\u00e9 pou\u017e\u00edt kamenn\u00fd obklad","item":"https:\/\/www.fineli.cz\/kdy-je-vhodne-pouzit-kamenny-obklad\/#breadcrumbitem"}]}]