[{"@context":"https:\/\/schema.org\/","@type":"Article","@id":"https:\/\/www.fineli.cz\/nove-vs-stare-auto\/#Article","mainEntityOfPage":"https:\/\/www.fineli.cz\/nove-vs-stare-auto\/","headline":"Nov\u00e9 vs. star\u00e9 auto","name":"Nov\u00e9 vs. star\u00e9 auto","description":"Pamatuj si na sv\u00e9 prvn\u00ed auto. Bylo takov\u00e9 mal\u00e9 a modr\u00e9. A abych se v\u00e1m p\u0159iznala, byla jsem z n\u011bho ze za\u010d\u00e1tku velmi nad\u0161en\u00e1. Taky","datePublished":"2022-07-02","dateModified":"2023-05-19","author":{"@type":"Person","@id":"https:\/\/www.fineli.cz\/author\/devene\/#Person","name":"devene","url":"https:\/\/www.fineli.cz\/author\/devene\/","identifier":1,"image":{"@type":"ImageObject","@id":"https:\/\/secure.gravatar.com\/avatar\/6808215d501bdbb001ef3734be3cdad1be23596de78c590ed2ac5868fce74c95?s=96&d=mm&r=g","url":"https:\/\/secure.gravatar.com\/avatar\/6808215d501bdbb001ef3734be3cdad1be23596de78c590ed2ac5868fce74c95?s=96&d=mm&r=g","height":96,"width":96}},"publisher":{"@type":"Organization","name":"fineli.cz","logo":{"@type":"ImageObject","@id":"\/logo.png","url":"\/logo.png","width":600,"height":60}},"image":{"@type":"ImageObject","@id":"https:\/\/www.fineli.cz\/wp-content\/uploads\/vw-4016326_960_720.jpg","url":"https:\/\/www.fineli.cz\/wp-content\/uploads\/vw-4016326_960_720.jpg","height":0,"width":0},"url":"https:\/\/www.fineli.cz\/nove-vs-stare-auto\/","about":["Auto moto"],"wordCount":444,"articleBody":"Pamatuj si na sv\u00e9 prvn\u00ed auto. Bylo takov\u00e9 mal\u00e9 a modr\u00e9. A abych se v\u00e1m p\u0159iznala, byla jsem z n\u011bho ze za\u010d\u00e1tku velmi nad\u0161en\u00e1. Taky mi \u0159ekn\u011bte, kdo by nebyl nad\u0161en\u00fd z prvn\u00edho auta? A hlavn\u011b, \u017ee to auto bylo zadarmo? Proto\u017ee toto mal\u00e9 modr\u00e9 auto jsem dostala od sv\u00e9ho str\u00fdce, kter\u00fd si koupil nov\u00e9 auto, tak\u017ee star\u00e9 auto u\u017e nepot\u0159eboval. Nav\u00edc j\u00e1 jsem m\u011bla \u010derstv\u00fd \u0159idi\u010d\u00e1k, kter\u00fd jsem m\u011bla asi pouze m\u011bs\u00edc. Tak\u017ee mi moji rodi\u010de a taky v\u010detn\u011b m\u00e9ho strejdy \u0159ekli, \u017ee mi takov\u00e9 mal\u00e9 star\u00e9 auto bude do za\u010d\u00e1tku sta\u010dit. J\u00e1 jsem s t\u00edm souhlasila. M\u011bla jsem toti\u017e velk\u00e9 o\u010di. \u0158ekla jsem si, \u017ee m\u00edt n\u011bco je lep\u0161\u00ed ne\u017e nic. Jenom\u017ee kdy\u017e jsem s t\u00edm autem jezdila, tak taky divn\u011b fr\u010delo a ob\u010das mi n\u011bjak vypov\u011bd\u011blo slu\u017ebu. Kolikr\u00e1t mi ne\u0161lo ani nastartovat. A taky kdy\u017e se s t\u00edmto probl\u00e9mem sv\u011b\u0159ila sv\u00e9mu strejdovi a taky otci, tak \u0159ekli, \u017ee je to \u00fapln\u011b norm\u00e1ln\u00ed.\u017de pr\u00fd co bych cht\u011bla po star\u00e9m aut\u011b? V\u00edte, co bych cht\u011bla po star\u00e9m aut\u011b? Hlavn\u011b to, aby fungovalo norm\u00e1ln\u011b. Sice ch\u00e1pu, \u017ee m\u00e1 n\u011bjak\u00e9 kosmetick\u00e9 vady, co\u017e taky beru na v\u011bdom\u00ed a nevad\u00ed mi to, ov\u0161em ale cht\u011bla jsem to, aby to auto taky startovalo hned na prvn\u00ed pokus, a ne t\u0159eba a\u017e na podes\u00e1t\u00e9. Nav\u00edc to auto tak divn\u011b chr\u010delo, \u017ee jsem se styd\u011bla a kolikr\u00e1t jsem taky musela parkovat na n\u011bkter\u00e9m jin\u00e9m m\u00edst\u011b, aby m\u011b nevid\u011bli zn\u00e1m\u00ed nebo kamar\u00e1di, proto\u017ee jsem se za to chr\u010d\u00edc\u00ed auto opravdu styd\u011bla. Nav\u00edc mi taky po p\u016fl roce p\u0159estalo sta\u010dit, proto\u017ee u\u017e jsem tou\u017eila po n\u011bjak\u00e9m lep\u0161\u00edm aut\u011b. Na\u0161la jsem si k pr\u00e1ci je\u0161t\u011b jednu brig\u00e1du a z brig\u00e1dy jsem si odd\u00e1vala pen\u00edze bokem, kter\u00e9 jsem m\u011bla k \u0161et\u0159en\u00ed na nov\u00e9 auto. V\u00edm, \u017ee mi to bude trvat t\u0159eba \u010dty\u0159i roky, ale v\u011b\u0159\u00edm, \u017ee jednoho dne se mi to poda\u0159\u00ed a j\u00e1 budu m\u00edt kone\u010dn\u011b nov\u00e9 auto. A jak\u00e9 bylo va\u0161e prvn\u00ed auto? Jakou m\u011blo barvu a jak jste sn\u00edm byli spokojen\u00ed? J\u00e1 u\u017e\u00a0m\u00e1m kone\u010dn\u011b\u00a0jin\u00e9 auto, p\u011bkn\u00e9 \u010derven\u00e9 a podle m\u00fdch p\u0159edstav.\u00a0                                                                                                                                                                                                                                                                                                                                                                                        3.7\/5 - (8 votes)        "},{"@context":"https:\/\/schema.org\/","@type":"BreadcrumbList","itemListElement":[{"@type":"ListItem","position":1,"name":"Nov\u00e9 vs. star\u00e9 auto","item":"https:\/\/www.fineli.cz\/nove-vs-stare-auto\/#breadcrumbitem"}]}]